{"id":51014,"date":"2024-09-16T15:09:18","date_gmt":"2024-09-16T15:09:18","guid":{"rendered":"https:\/\/preprod2.les-balcons.com\/5-eco-gestes-a-adopter-en-randonnee-cet-ete\/"},"modified":"2025-03-03T09:20:01","modified_gmt":"2025-03-03T09:20:01","slug":"5-eco-gestures-to-adopt-when-hiking-this-summer","status":"publish","type":"post","link":"https:\/\/www.les-balcons.com\/en\/5-eco-gestures-to-adopt-when-hiking-this-summer\/","title":{"rendered":"5 eco-gestures to adopt when hiking this summer"},"content":{"rendered":"\n<p>Summer is the ideal time to enjoy the wonders of the mountains. Hiking, a popular activity for many holidaymakers, allows you to recharge your batteries in the heart of nature and discover breathtaking scenery. However, it is essential to practice this activity responsibly to preserve the beauty and richness of our mountains.<\/p>\n\n<p><b>Here are 5 eco-gestures to adopt on your summer hikes to help protect the environment.<\/b><\/p>\n\n<h2 class=\"has-medium-font-size wp-block-heading\"><b>1. Respect marked trails<\/b><\/h2>\n\n<p>When you go hiking, it&#8217;s crucial to stay on the marked trails. By deviating from the planned paths, you risk damaging the local flora and disturbing the wildlife. What&#8217;s more, by following marked trails, you reduce the risk of getting lost and preserve fragile mountain ecosystems.<\/p>\n\n<div class=\"wp-block-group\"><div class=\"wp-block-group__inner-container is-layout-constrained wp-block-group-is-layout-constrained\"><div class=\"wp-block-image\">\n<figure class=\"aligncenter size-large is-resized\"><img loading=\"lazy\" decoding=\"async\" src=\"https:\/\/les-balcons.com\/wp-content\/uploads\/randonnee-ouillon-des-arcellins-credit-photo-romane-salles-1024x768.jpg\" alt=\"\" class=\"wp-image-180557\" width=\"1024\" height=\"768\"\/><\/figure>\n<\/div>\n\n\n<div style=\"height:73px\" aria-hidden=\"true\" class=\"wp-block-spacer\"><\/div>\n\n\n\n<div class=\"wp-block-columns is-not-stacked-on-mobile is-layout-flex wp-container-core-columns-is-layout-9d6595d7 wp-block-columns-is-layout-flex\">\n<div class=\"wp-block-column is-layout-flow wp-block-column-is-layout-flow\" style=\"flex-basis:4%\"><\/div>\n\n\n\n<div class=\"wp-block-column is-layout-flow wp-block-column-is-layout-flow\" style=\"flex-basis:96%\">\n<h2 class=\"has-medium-font-size wp-block-heading\"><h2><b>2. Collect your garbage<\/b><\/h2><\/h2>\n\n\n\n<p class=\"margin;20px;\"><span style=\"font-weight: 400;\">Don&#8217;t throw anything away! Chewing gum takes 5 years to disappear completely, and a plastic bottle no less than 4 centuries! Take a bag with you to collect your garbage, including packaging, plastic bottles and tissues. Also remember to pick up litter left by other hikers to leave the mountain as clean as you found it (this trend, which originated in Sweden, is called plogging). <\/span><span style=\"font-weight: 400;\">&#13;\n<\/span><span style=\"font-weight: 400;\">For any cigarette butts, we provide small pocket ashtrays. Don\u2019t hesitate to ask our reception team!<\/span><span style=\"font-weight: 400;\">&#13;\n<\/span><span style=\"font-weight: 400;\">Finally, don&#8217;t throw your unprocessed food waste just anywhere, as it could make animals sick or attract them to places where they shouldn&#8217;t be. If you can, bury it, otherwise take it home with you.<\/span><\/p>\n<\/div>\n<\/div>\n<\/div><\/div>\n\n<div class=\"wp-block-columns are-vertically-aligned-center is-layout-flex wp-container-core-columns-is-layout-9d6595d7 wp-block-columns-is-layout-flex\">\n<div class=\"wp-block-column is-vertically-aligned-bottom is-layout-flow wp-block-column-is-layout-flow\" style=\"flex-basis:100%\">\n<div class=\"wp-block-group alignwide\"><div class=\"wp-block-group__inner-container is-layout-constrained wp-block-group-is-layout-constrained\">\n<div class=\"wp-block-media-text alignwide has-media-on-the-right is-stacked-on-mobile is-vertically-aligned-top\" style=\"grid-template-columns:auto 28%\"><div class=\"wp-block-media-text__content\">\n<div style=\"height:80px\" aria-hidden=\"true\" class=\"wp-block-spacer\"><\/div>\n\n\n\n<h2 class=\"has-medium-font-size wp-block-heading\"><b>3. Use sustainable, eco-responsible products<\/b><\/h2>\n\n\n\n<p><\/p>\n\n\n\n<p><span style=\"font-weight: 400;\">Make sure you use eco-responsible products. Opt for organic sunscreens and insect repellents that are less harmful to the environment. <\/span><span style=\"font-weight: 400;\">&#13;\n<\/span><span style=\"font-weight: 400;\">For your hiking clothing, opt for eco-responsible labels (GOTS, OEHO-TEX 100, RDS, Bluesign, PFC Free or OCS 100), which guarantee products with low environmental impact. Avoid using disposable products such as wipes, and prefer sustainable alternatives such as tissues or reusable towels, as well as reusable water bottles, cutlery and crockery.<\/span><\/p>\n<\/div><figure class=\"wp-block-media-text__media\"><img decoding=\"async\" src=\"https:\/\/les-balcons.com\/wp-content\/uploads\/69-alparena_2023(c)manureyboz.jpeg\" alt=\"\" class=\"wp-image-180559 size-full\"\/><\/figure><\/div>\n<\/div><\/div>\n<\/div>\n<\/div>\n\n<div class=\"wp-block-columns is-layout-flex wp-container-core-columns-is-layout-9d6595d7 wp-block-columns-is-layout-flex\">\n<div class=\"wp-block-column is-vertically-aligned-center is-layout-flow wp-block-column-is-layout-flow\" style=\"flex-basis:100%\">\n<div class=\"wp-block-group alignwide is-content-justification-left is-nowrap is-layout-flex wp-container-core-group-is-layout-f56a869c wp-block-group-is-layout-flex\">\n<div class=\"wp-block-media-text alignwide is-vertically-aligned-top\" style=\"grid-template-columns:28% auto\"><figure class=\"wp-block-media-text__media\"><img decoding=\"async\" src=\"https:\/\/les-balcons.com\/wp-content\/uploads\/1dpz2-picniq-683x1024.jpg\" alt=\"\" class=\"wp-image-180561 size-full\"\/><\/figure><div class=\"wp-block-media-text__content\">\n<div style=\"height:89px\" aria-hidden=\"true\" class=\"wp-block-spacer\"><\/div>\n\n\n\n<h2 class=\"has-medium-font-size wp-block-heading\"><b>4. Limit water consumption and eat organic\/local food<\/b><\/h2>\n\n\n\n<p><\/p>\n\n\n\n<p><span style=\"font-weight: 400;\">Water is a precious resource in the mountains, so it&#8217;s essential to preserve it. When hiking, take along a reusable water bottle and avoid buying plastic water bottles. If you need to refill your water bottle along the way, use drinking water sources and avoid drawing from streams or lakes to avoid disturbing aquatic ecosystems.\u00a0<\/span>&#13;\n&#13;\n<span style=\"font-weight: 400;\">To take your picnic one step further, consider eating organic food, which is both healthy and much less harmful to the environment, as well as local produce. You&#8217;ll be supporting the local economy and reducing your carbon footprint.<\/span><\/p>\n<\/div><\/div>\n<\/div>\n\n\n\n<div style=\"height:34px\" aria-hidden=\"true\" class=\"wp-block-spacer\"><\/div>\n<\/div>\n<\/div>\n\n<h2 class=\"has-medium-font-size wp-block-heading\"><strong>5. Respecting flora and fauna<\/strong><\/h2>\n\n<p>In the mountains, flora and fauna are particularly sensitive to human disturbance. So it&#8217;s vital to respect them by keeping a safe distance and avoiding feeding them. Admire wild animals from a safe distance, and don&#8217;t pick the flowers or plants you come across on your walks. Take a photo to keep as a souvenir!<\/p>\n\n<div style=\"height:24px\" aria-hidden=\"true\" class=\"wp-block-spacer\"><\/div>\n\n<figure class=\"wp-block-image size-large\"><img decoding=\"async\" src=\"https:\/\/les-balcons.com\/wp-content\/uploads\/@ot-la-rosiere-1024x576.jpg\" alt=\"\" class=\"wp-image-180563\"\/><\/figure>\n\n<div style=\"height:47px\" aria-hidden=\"true\" class=\"wp-block-spacer\"><\/div>\n\n<p>By adopting these 5 eco-gestures when hiking this summer, you&#8217;ll be helping to preserve the beauty and richness of the mountains for future generations. Protecting the environment is everyone&#8217;s business, so commit to responsible, nature-friendly hiking on your next mountain getaway!<\/p>\n","protected":false},"excerpt":{"rendered":"<p>Summer is the ideal time to enjoy the wonders of the mountains. Hiking, a popular activity for many holidaymakers, allows you to recharge your batteries in the heart of nature and discover breathtaking scenery. However, it is essential to practice this activity responsibly to preserve the beauty and richness of our mountains. Here are 5 [&hellip;]<\/p>\n","protected":false},"author":2,"featured_media":143638,"comment_status":"closed","ping_status":"closed","sticky":false,"template":"","format":"standard","meta":{"_acf_changed":false,"_uag_custom_page_level_css":"","footnotes":""},"categories":[112,163,97],"tags":[],"class_list":["post-51014","post","type-post","status-publish","format-standard","has-post-thumbnail","hentry","category-advices","category-ete-en","category-news"],"acf":[],"yoast_head":"<!-- This site is optimized with the Yoast SEO plugin v27.5 - https:\/\/yoast.com\/product\/yoast-seo-wordpress\/ -->\n<title>5 eco-gestures to adopt when hiking this summer<\/title>\n<meta name=\"description\" content=\"Summer is the ideal time to enjoy the wonders of the mountains. Hiking, a popular activity for many holidaymakers, allows you to recharge your batteries\" \/>\n<meta name=\"robots\" content=\"index, follow, max-snippet:-1, max-image-preview:large, max-video-preview:-1\" \/>\n<link rel=\"canonical\" href=\"https:\/\/www.les-balcons.com\/en\/5-eco-gestures-to-adopt-when-hiking-this-summer\/\" \/>\n<meta property=\"og:locale\" content=\"en_US\" \/>\n<meta property=\"og:type\" content=\"article\" \/>\n<meta property=\"og:title\" content=\"5 eco-gestures to adopt when hiking this summer\" \/>\n<meta property=\"og:description\" content=\"Summer is the ideal time to enjoy the wonders of the mountains. Hiking, a popular activity for many holidaymakers, allows you to recharge your batteries\" \/>\n<meta property=\"og:url\" content=\"https:\/\/www.les-balcons.com\/en\/5-eco-gestures-to-adopt-when-hiking-this-summer\/\" \/>\n<meta property=\"og:site_name\" content=\"Les Balcons \u2013 R\u00e9sidences et s\u00e9jours Alpes du Nord\" \/>\n<meta property=\"article:published_time\" content=\"2024-09-16T15:09:18+00:00\" \/>\n<meta property=\"article:modified_time\" content=\"2025-03-03T09:20:01+00:00\" \/>\n<meta property=\"og:image\" content=\"https:\/\/www.les-balcons.com\/wp-content\/uploads\/la-rosiere-1dp21-1.jpg\" \/>\n\t<meta property=\"og:image:width\" content=\"2048\" \/>\n\t<meta property=\"og:image:height\" content=\"1365\" \/>\n\t<meta property=\"og:image:type\" content=\"image\/jpeg\" \/>\n<meta name=\"author\" content=\"admin_balcons\" \/>\n<meta name=\"twitter:card\" content=\"summary_large_image\" \/>\n<meta name=\"twitter:label1\" content=\"Written by\" \/>\n\t<meta name=\"twitter:data1\" content=\"admin_balcons\" \/>\n\t<meta name=\"twitter:label2\" content=\"Est. reading time\" \/>\n\t<meta name=\"twitter:data2\" content=\"4 minutes\" \/>\n<script type=\"application\/ld+json\" class=\"yoast-schema-graph\">{\"@context\":\"https:\\\/\\\/schema.org\",\"@graph\":[{\"@type\":\"Article\",\"@id\":\"https:\\\/\\\/www.les-balcons.com\\\/en\\\/5-eco-gestures-to-adopt-when-hiking-this-summer\\\/#article\",\"isPartOf\":{\"@id\":\"https:\\\/\\\/www.les-balcons.com\\\/en\\\/5-eco-gestures-to-adopt-when-hiking-this-summer\\\/\"},\"author\":{\"name\":\"admin_balcons\",\"@id\":\"https:\\\/\\\/www.les-balcons.com\\\/en\\\/#\\\/schema\\\/person\\\/ff9384447ffee71a9cde569680990edc\"},\"headline\":\"5 eco-gestures to adopt when hiking this summer\",\"datePublished\":\"2024-09-16T15:09:18+00:00\",\"dateModified\":\"2025-03-03T09:20:01+00:00\",\"mainEntityOfPage\":{\"@id\":\"https:\\\/\\\/www.les-balcons.com\\\/en\\\/5-eco-gestures-to-adopt-when-hiking-this-summer\\\/\"},\"wordCount\":524,\"publisher\":{\"@id\":\"https:\\\/\\\/www.les-balcons.com\\\/en\\\/#organization\"},\"image\":{\"@id\":\"https:\\\/\\\/www.les-balcons.com\\\/en\\\/5-eco-gestures-to-adopt-when-hiking-this-summer\\\/#primaryimage\"},\"thumbnailUrl\":\"https:\\\/\\\/www.les-balcons.com\\\/wp-content\\\/uploads\\\/la-rosiere-1dp21-1.jpg\",\"articleSection\":[\"Advices\",\"\u00c9t\u00e9\",\"News\"],\"inLanguage\":\"en-US\"},{\"@type\":\"WebPage\",\"@id\":\"https:\\\/\\\/www.les-balcons.com\\\/en\\\/5-eco-gestures-to-adopt-when-hiking-this-summer\\\/\",\"url\":\"https:\\\/\\\/www.les-balcons.com\\\/en\\\/5-eco-gestures-to-adopt-when-hiking-this-summer\\\/\",\"name\":\"5 eco-gestures to adopt when hiking this summer\",\"isPartOf\":{\"@id\":\"https:\\\/\\\/www.les-balcons.com\\\/en\\\/#website\"},\"primaryImageOfPage\":{\"@id\":\"https:\\\/\\\/www.les-balcons.com\\\/en\\\/5-eco-gestures-to-adopt-when-hiking-this-summer\\\/#primaryimage\"},\"image\":{\"@id\":\"https:\\\/\\\/www.les-balcons.com\\\/en\\\/5-eco-gestures-to-adopt-when-hiking-this-summer\\\/#primaryimage\"},\"thumbnailUrl\":\"https:\\\/\\\/www.les-balcons.com\\\/wp-content\\\/uploads\\\/la-rosiere-1dp21-1.jpg\",\"datePublished\":\"2024-09-16T15:09:18+00:00\",\"dateModified\":\"2025-03-03T09:20:01+00:00\",\"description\":\"Summer is the ideal time to enjoy the wonders of the mountains. Hiking, a popular activity for many holidaymakers, allows you to recharge your batteries\",\"breadcrumb\":{\"@id\":\"https:\\\/\\\/www.les-balcons.com\\\/en\\\/5-eco-gestures-to-adopt-when-hiking-this-summer\\\/#breadcrumb\"},\"inLanguage\":\"en-US\",\"potentialAction\":[{\"@type\":\"ReadAction\",\"target\":[\"https:\\\/\\\/www.les-balcons.com\\\/en\\\/5-eco-gestures-to-adopt-when-hiking-this-summer\\\/\"]}]},{\"@type\":\"ImageObject\",\"inLanguage\":\"en-US\",\"@id\":\"https:\\\/\\\/www.les-balcons.com\\\/en\\\/5-eco-gestures-to-adopt-when-hiking-this-summer\\\/#primaryimage\",\"url\":\"https:\\\/\\\/www.les-balcons.com\\\/wp-content\\\/uploads\\\/la-rosiere-1dp21-1.jpg\",\"contentUrl\":\"https:\\\/\\\/www.les-balcons.com\\\/wp-content\\\/uploads\\\/la-rosiere-1dp21-1.jpg\",\"width\":2048,\"height\":1365},{\"@type\":\"BreadcrumbList\",\"@id\":\"https:\\\/\\\/www.les-balcons.com\\\/en\\\/5-eco-gestures-to-adopt-when-hiking-this-summer\\\/#breadcrumb\",\"itemListElement\":[{\"@type\":\"ListItem\",\"position\":1,\"name\":\"Homepage\",\"item\":\"https:\\\/\\\/www.les-balcons.com\\\/en\\\/fr\\\/\"},{\"@type\":\"ListItem\",\"position\":2,\"name\":\"News\",\"item\":\"https:\\\/\\\/www.les-balcons.com\\\/en\\\/news\\\/\"},{\"@type\":\"ListItem\",\"position\":3,\"name\":\"5 eco-gestures to adopt when hiking this summer\"}]},{\"@type\":\"WebSite\",\"@id\":\"https:\\\/\\\/www.les-balcons.com\\\/en\\\/#website\",\"url\":\"https:\\\/\\\/www.les-balcons.com\\\/en\\\/\",\"name\":\"Les Balcons \u2013 R\u00e9sidences et s\u00e9jours Alpes du Nord\",\"description\":\"10 \u00e9tablissements, H\u00f4tel et R\u00e9sidences pour vos vacances \u00e0 la montagne\",\"publisher\":{\"@id\":\"https:\\\/\\\/www.les-balcons.com\\\/en\\\/#organization\"},\"potentialAction\":[{\"@type\":\"SearchAction\",\"target\":{\"@type\":\"EntryPoint\",\"urlTemplate\":\"https:\\\/\\\/www.les-balcons.com\\\/en\\\/?s={search_term_string}\"},\"query-input\":{\"@type\":\"PropertyValueSpecification\",\"valueRequired\":true,\"valueName\":\"search_term_string\"}}],\"inLanguage\":\"en-US\"},{\"@type\":\"Organization\",\"@id\":\"https:\\\/\\\/www.les-balcons.com\\\/en\\\/#organization\",\"name\":\"Les Balcons\",\"url\":\"https:\\\/\\\/www.les-balcons.com\\\/en\\\/\",\"logo\":{\"@type\":\"ImageObject\",\"inLanguage\":\"en-US\",\"@id\":\"https:\\\/\\\/www.les-balcons.com\\\/en\\\/#\\\/schema\\\/logo\\\/image\\\/\",\"url\":\"https:\\\/\\\/les-balcons.com\\\/wp-content\\\/uploads\\\/communs\\\/logos-et-gammes\\\/logo-les-balcons-base.png\",\"contentUrl\":\"https:\\\/\\\/les-balcons.com\\\/wp-content\\\/uploads\\\/communs\\\/logos-et-gammes\\\/logo-les-balcons-base.png\",\"width\":3508,\"height\":2481,\"caption\":\"Les Balcons\"},\"image\":{\"@id\":\"https:\\\/\\\/www.les-balcons.com\\\/en\\\/#\\\/schema\\\/logo\\\/image\\\/\"}},{\"@type\":\"Person\",\"@id\":\"https:\\\/\\\/www.les-balcons.com\\\/en\\\/#\\\/schema\\\/person\\\/ff9384447ffee71a9cde569680990edc\",\"name\":\"admin_balcons\",\"image\":{\"@type\":\"ImageObject\",\"inLanguage\":\"en-US\",\"@id\":\"https:\\\/\\\/secure.gravatar.com\\\/avatar\\\/bd0c88b3268783c2a6b69ab39f9f712efe950983e809bf1a76bb98f6cf66ccca?s=96&d=mm&r=g\",\"url\":\"https:\\\/\\\/secure.gravatar.com\\\/avatar\\\/bd0c88b3268783c2a6b69ab39f9f712efe950983e809bf1a76bb98f6cf66ccca?s=96&d=mm&r=g\",\"contentUrl\":\"https:\\\/\\\/secure.gravatar.com\\\/avatar\\\/bd0c88b3268783c2a6b69ab39f9f712efe950983e809bf1a76bb98f6cf66ccca?s=96&d=mm&r=g\",\"caption\":\"admin_balcons\"}}]}<\/script>\n<!-- \/ Yoast SEO plugin. -->","yoast_head_json":{"title":"5 eco-gestures to adopt when hiking this summer","description":"Summer is the ideal time to enjoy the wonders of the mountains. Hiking, a popular activity for many holidaymakers, allows you to recharge your batteries","robots":{"index":"index","follow":"follow","max-snippet":"max-snippet:-1","max-image-preview":"max-image-preview:large","max-video-preview":"max-video-preview:-1"},"canonical":"https:\/\/www.les-balcons.com\/en\/5-eco-gestures-to-adopt-when-hiking-this-summer\/","og_locale":"en_US","og_type":"article","og_title":"5 eco-gestures to adopt when hiking this summer","og_description":"Summer is the ideal time to enjoy the wonders of the mountains. Hiking, a popular activity for many holidaymakers, allows you to recharge your batteries","og_url":"https:\/\/www.les-balcons.com\/en\/5-eco-gestures-to-adopt-when-hiking-this-summer\/","og_site_name":"Les Balcons \u2013 R\u00e9sidences et s\u00e9jours Alpes du Nord","article_published_time":"2024-09-16T15:09:18+00:00","article_modified_time":"2025-03-03T09:20:01+00:00","og_image":[{"width":2048,"height":1365,"url":"https:\/\/www.les-balcons.com\/wp-content\/uploads\/la-rosiere-1dp21-1.jpg","type":"image\/jpeg"}],"author":"admin_balcons","twitter_card":"summary_large_image","twitter_misc":{"Written by":"admin_balcons","Est. reading time":"4 minutes"},"schema":{"@context":"https:\/\/schema.org","@graph":[{"@type":"Article","@id":"https:\/\/www.les-balcons.com\/en\/5-eco-gestures-to-adopt-when-hiking-this-summer\/#article","isPartOf":{"@id":"https:\/\/www.les-balcons.com\/en\/5-eco-gestures-to-adopt-when-hiking-this-summer\/"},"author":{"name":"admin_balcons","@id":"https:\/\/www.les-balcons.com\/en\/#\/schema\/person\/ff9384447ffee71a9cde569680990edc"},"headline":"5 eco-gestures to adopt when hiking this summer","datePublished":"2024-09-16T15:09:18+00:00","dateModified":"2025-03-03T09:20:01+00:00","mainEntityOfPage":{"@id":"https:\/\/www.les-balcons.com\/en\/5-eco-gestures-to-adopt-when-hiking-this-summer\/"},"wordCount":524,"publisher":{"@id":"https:\/\/www.les-balcons.com\/en\/#organization"},"image":{"@id":"https:\/\/www.les-balcons.com\/en\/5-eco-gestures-to-adopt-when-hiking-this-summer\/#primaryimage"},"thumbnailUrl":"https:\/\/www.les-balcons.com\/wp-content\/uploads\/la-rosiere-1dp21-1.jpg","articleSection":["Advices","\u00c9t\u00e9","News"],"inLanguage":"en-US"},{"@type":"WebPage","@id":"https:\/\/www.les-balcons.com\/en\/5-eco-gestures-to-adopt-when-hiking-this-summer\/","url":"https:\/\/www.les-balcons.com\/en\/5-eco-gestures-to-adopt-when-hiking-this-summer\/","name":"5 eco-gestures to adopt when hiking this summer","isPartOf":{"@id":"https:\/\/www.les-balcons.com\/en\/#website"},"primaryImageOfPage":{"@id":"https:\/\/www.les-balcons.com\/en\/5-eco-gestures-to-adopt-when-hiking-this-summer\/#primaryimage"},"image":{"@id":"https:\/\/www.les-balcons.com\/en\/5-eco-gestures-to-adopt-when-hiking-this-summer\/#primaryimage"},"thumbnailUrl":"https:\/\/www.les-balcons.com\/wp-content\/uploads\/la-rosiere-1dp21-1.jpg","datePublished":"2024-09-16T15:09:18+00:00","dateModified":"2025-03-03T09:20:01+00:00","description":"Summer is the ideal time to enjoy the wonders of the mountains. Hiking, a popular activity for many holidaymakers, allows you to recharge your batteries","breadcrumb":{"@id":"https:\/\/www.les-balcons.com\/en\/5-eco-gestures-to-adopt-when-hiking-this-summer\/#breadcrumb"},"inLanguage":"en-US","potentialAction":[{"@type":"ReadAction","target":["https:\/\/www.les-balcons.com\/en\/5-eco-gestures-to-adopt-when-hiking-this-summer\/"]}]},{"@type":"ImageObject","inLanguage":"en-US","@id":"https:\/\/www.les-balcons.com\/en\/5-eco-gestures-to-adopt-when-hiking-this-summer\/#primaryimage","url":"https:\/\/www.les-balcons.com\/wp-content\/uploads\/la-rosiere-1dp21-1.jpg","contentUrl":"https:\/\/www.les-balcons.com\/wp-content\/uploads\/la-rosiere-1dp21-1.jpg","width":2048,"height":1365},{"@type":"BreadcrumbList","@id":"https:\/\/www.les-balcons.com\/en\/5-eco-gestures-to-adopt-when-hiking-this-summer\/#breadcrumb","itemListElement":[{"@type":"ListItem","position":1,"name":"Homepage","item":"https:\/\/www.les-balcons.com\/en\/fr\/"},{"@type":"ListItem","position":2,"name":"News","item":"https:\/\/www.les-balcons.com\/en\/news\/"},{"@type":"ListItem","position":3,"name":"5 eco-gestures to adopt when hiking this summer"}]},{"@type":"WebSite","@id":"https:\/\/www.les-balcons.com\/en\/#website","url":"https:\/\/www.les-balcons.com\/en\/","name":"Les Balcons \u2013 R\u00e9sidences et s\u00e9jours Alpes du Nord","description":"10 \u00e9tablissements, H\u00f4tel et R\u00e9sidences pour vos vacances \u00e0 la montagne","publisher":{"@id":"https:\/\/www.les-balcons.com\/en\/#organization"},"potentialAction":[{"@type":"SearchAction","target":{"@type":"EntryPoint","urlTemplate":"https:\/\/www.les-balcons.com\/en\/?s={search_term_string}"},"query-input":{"@type":"PropertyValueSpecification","valueRequired":true,"valueName":"search_term_string"}}],"inLanguage":"en-US"},{"@type":"Organization","@id":"https:\/\/www.les-balcons.com\/en\/#organization","name":"Les Balcons","url":"https:\/\/www.les-balcons.com\/en\/","logo":{"@type":"ImageObject","inLanguage":"en-US","@id":"https:\/\/www.les-balcons.com\/en\/#\/schema\/logo\/image\/","url":"https:\/\/les-balcons.com\/wp-content\/uploads\/communs\/logos-et-gammes\/logo-les-balcons-base.png","contentUrl":"https:\/\/les-balcons.com\/wp-content\/uploads\/communs\/logos-et-gammes\/logo-les-balcons-base.png","width":3508,"height":2481,"caption":"Les Balcons"},"image":{"@id":"https:\/\/www.les-balcons.com\/en\/#\/schema\/logo\/image\/"}},{"@type":"Person","@id":"https:\/\/www.les-balcons.com\/en\/#\/schema\/person\/ff9384447ffee71a9cde569680990edc","name":"admin_balcons","image":{"@type":"ImageObject","inLanguage":"en-US","@id":"https:\/\/secure.gravatar.com\/avatar\/bd0c88b3268783c2a6b69ab39f9f712efe950983e809bf1a76bb98f6cf66ccca?s=96&d=mm&r=g","url":"https:\/\/secure.gravatar.com\/avatar\/bd0c88b3268783c2a6b69ab39f9f712efe950983e809bf1a76bb98f6cf66ccca?s=96&d=mm&r=g","contentUrl":"https:\/\/secure.gravatar.com\/avatar\/bd0c88b3268783c2a6b69ab39f9f712efe950983e809bf1a76bb98f6cf66ccca?s=96&d=mm&r=g","caption":"admin_balcons"}}]}},"uagb_featured_image_src":{"full":["https:\/\/www.les-balcons.com\/wp-content\/uploads\/la-rosiere-1dp21-1.jpg",2048,1365,false],"thumbnail":["https:\/\/www.les-balcons.com\/wp-content\/uploads\/la-rosiere-1dp21-1-150x150.jpg",150,150,true],"medium":["https:\/\/www.les-balcons.com\/wp-content\/uploads\/la-rosiere-1dp21-1-300x200.jpg",300,200,true],"medium_large":["https:\/\/www.les-balcons.com\/wp-content\/uploads\/la-rosiere-1dp21-1-768x512.jpg",768,512,true],"large":["https:\/\/www.les-balcons.com\/wp-content\/uploads\/la-rosiere-1dp21-1-1024x683.jpg",1024,683,true],"1536x1536":["https:\/\/www.les-balcons.com\/wp-content\/uploads\/la-rosiere-1dp21-1-1536x1024.jpg",1536,1024,true],"2048x2048":["https:\/\/www.les-balcons.com\/wp-content\/uploads\/la-rosiere-1dp21-1.jpg",2048,1365,false],"size-365x220":["https:\/\/www.les-balcons.com\/wp-content\/uploads\/la-rosiere-1dp21-1-365x220.jpg",365,220,true]},"uagb_author_info":{"display_name":"admin_balcons","author_link":"https:\/\/www.les-balcons.com\/en\/author\/admin_balcons\/"},"uagb_comment_info":0,"uagb_excerpt":"Summer is the ideal time to enjoy the wonders of the mountains. Hiking, a popular activity for many holidaymakers, allows you to recharge your batteries in the heart of nature and discover breathtaking scenery. However, it is essential to practice this activity responsibly to preserve the beauty and richness of our mountains. Here are 5&hellip;","post_mailing_queue_ids":[],"_links":{"self":[{"href":"https:\/\/www.les-balcons.com\/en\/wp-json\/wp\/v2\/posts\/51014","targetHints":{"allow":["GET"]}}],"collection":[{"href":"https:\/\/www.les-balcons.com\/en\/wp-json\/wp\/v2\/posts"}],"about":[{"href":"https:\/\/www.les-balcons.com\/en\/wp-json\/wp\/v2\/types\/post"}],"author":[{"embeddable":true,"href":"https:\/\/www.les-balcons.com\/en\/wp-json\/wp\/v2\/users\/2"}],"replies":[{"embeddable":true,"href":"https:\/\/www.les-balcons.com\/en\/wp-json\/wp\/v2\/comments?post=51014"}],"version-history":[{"count":0,"href":"https:\/\/www.les-balcons.com\/en\/wp-json\/wp\/v2\/posts\/51014\/revisions"}],"wp:featuredmedia":[{"embeddable":true,"href":"https:\/\/www.les-balcons.com\/en\/wp-json\/wp\/v2\/media\/143638"}],"wp:attachment":[{"href":"https:\/\/www.les-balcons.com\/en\/wp-json\/wp\/v2\/media?parent=51014"}],"wp:term":[{"taxonomy":"category","embeddable":true,"href":"https:\/\/www.les-balcons.com\/en\/wp-json\/wp\/v2\/categories?post=51014"},{"taxonomy":"post_tag","embeddable":true,"href":"https:\/\/www.les-balcons.com\/en\/wp-json\/wp\/v2\/tags?post=51014"}],"curies":[{"name":"wp","href":"https:\/\/api.w.org\/{rel}","templated":true}]}}