{"id":20847,"date":"2023-06-19T09:57:05","date_gmt":"2023-06-19T09:57:05","guid":{"rendered":"http:\/\/les-balcons.com\/?p=20847"},"modified":"2024-10-21T09:44:00","modified_gmt":"2024-10-21T09:44:00","slug":"our-three-favorite-hikes-around-our-les-balcons-residences","status":"publish","type":"post","link":"https:\/\/www.les-balcons.com\/en\/our-three-favorite-hikes-around-our-les-balcons-residences\/","title":{"rendered":"Our three favorite hikes around our Les Balcons residences"},"content":{"rendered":"\n<div class=\"wp-block-columns is-layout-flex wp-container-core-columns-is-layout-9d6595d7 wp-block-columns-is-layout-flex\">\n<div class=\"wp-block-column is-layout-flow wp-block-column-is-layout-flow\" style=\"flex-basis:100%\">\n<div class=\"wp-block-group\"><div class=\"wp-block-group__inner-container is-layout-constrained wp-block-group-is-layout-constrained\">\n<span style=\"font-weight: 400;\">Savoie is a paradise for summer hikers. With its picturesque landscapes and villages, breathtaking views and exceptional flora and fauna, the region offers a multitude of options for hikers of all levels. As lovers of nature, wide open spaces and the peace and freshness of our region, we wanted to share with you three hikes to do this summer around our Les Balcons residences.\u00a0<\/span>\r\n\r\n<span style=\"font-weight: 400;\">Whether you&#8217;re on your own, with friends or family, you&#8217;ll find a hike to suit you in this selection. <\/span>\n<\/div><\/div>\n<\/div>\n<\/div>\n<div class=\"wp-block-image\">\n<figure class=\"aligncenter size-large is-resized\"><img decoding=\"async\" src=\"https:\/\/les-balcons.com\/wp-content\/uploads\/blog\/ete\/46884458112_8fa8f24456_k-1024x683.jpg\" alt=\"\" style=\"width:1024px;height:683px\"\/><\/figure>\n<\/div>\n<h2 class=\"wp-block-heading\"><br\/>Autour de Val Cenis<br\/>Le refuge de Vallonbrun : pour les amoureux de la faune &amp; la flore<\/h2>\n\n<p><span style=\"font-weight: 400;\">Are you staying in our <\/span><a href=\"https:\/\/les-balcons.com\/en\/summer\/accommodation\/les-balcons-de-val-cenis-village\/\"><span style=\"font-weight: 400;\">R\u00e9sidence Les Balcons de Val Cenis Village****<\/span><\/a><span style=\"font-weight: 400;\">,<\/span><a href=\"https:\/\/les-balcons.com\/en\/summer\/accommodation\/les-balcons-val-cenis-platinium\/\"><span style=\"font-weight: 400;\"> Les Balcons Platinium Val Cenis***** <\/span><\/a><span style=\"font-weight: 400;\">\u00a0or <\/span><a href=\"https:\/\/les-balcons.com\/en\/summer\/accommodation\/les-balcons-de-val-cenis-le-haut\/\"><span style=\"font-weight: 400;\">Les Balcons de Val Cenis Le Haut***<\/span><\/a><span style=\"font-weight: 400;\">? We can only advise you to take the time to climb up to the Vallonbrun refuge: a veritable haven of peace nestled at an altitude of over 2272 meters at the gateway to the Vanoise National Park. This hike will allow you to recharge your batteries and reconnect with the exceptional local flora and fauna. <\/span><\/p>\n\n<h3 class=\"wp-block-heading\">An enchanting ascent<\/h3>\n\n<p><span style=\"font-weight: 400;\">You&#8217;ll leave the Grattais parking lot in Val Cenis by car via the piste. The path leading to the Vallonbrun refuge offers a gradual ascent through a magnificent panorama (Albaron, Dent Parrach\u00e9e, Meige&#8230;). Look up, switch off the phones and you might just catch a glimpse of the majestic bearded vulture, or come across chamois, ibex&#8230; as you pass.<\/span><\/p>\n<div class=\"wp-block-image\">\n<figure class=\"aligncenter size-large is-resized\"><img decoding=\"async\" src=\"https:\/\/les-balcons.com\/wp-content\/uploads\/blog\/ete\/silvan-michel-unj5w7rw2i0-unsplash-1-1024x683.jpg\" alt=\"\" style=\"width:1024px;height:683px\"\/><\/figure>\n<\/div>\n<h3 class=\"wp-block-heading\"><span style=\"font-weight: 400;\">The Vallonbrun refuge: a welcoming mountain refuge<\/span><\/h3>\n\n<p><span style=\"font-weight: 400;\">Once you&#8217;ve arrived at the Vallonbrun refuge, you&#8217;ll be greeted by a warm and enthusiastic team. The refuge offers comfortable accommodation, a friendly musical atmosphere and delicious cuisine. You are welcome to stay overnight (booking essential).\u00a0<\/span><\/p>\n\n<p><b>Difficulty<\/b><span style=\"font-weight: 400;\">: medium<\/span>&#13;\n&#13;\n<b>Time<\/b><span style=\"font-weight: 400;\">: ~3 hours round trip with possibility of loop or overnight stay.\u00a0<\/span>&#13;\n&#13;\n<b>For more information on the route,<\/b><span style=\"font-weight: 400;\"> please ask at the reception desk of our establishments.\u00a0<\/span><\/p>\n\n<h2 class=\"wp-block-heading\"><span style=\"font-weight: 400;\">Around La Rosi\u00e8re<\/span><span style=\"font-weight: 400;\">&#13;\n<\/span><span style=\"font-weight: 400;\">The Petit Saint-Bernard pass, for history lovers <\/span><\/h2>\n\n<p><span style=\"font-weight: 400;\">Before starting your ascent to the Petit Saint-Bernard pass, take time to discover the charming village of La Rosi\u00e8re (where our residence <\/span><a href=\"https:\/\/les-balcons.com\/en\/summer\/accommodation\/les-balcons-de-la-rosiere\/\"><span style=\"font-weight: 400;\">Les Balcons de la Rosi\u00e8re**** <\/span><\/a><span style=\"font-weight: 400;\">and our<\/span><a href=\"https:\/\/les-balcons.com\/en\/summer\/accommodation\/hotel-alparena\/\"><span style=\"font-weight: 400;\"> Hotel Alparena**** &amp; Spa <\/span><\/a><span style=\"font-weight: 400;\">are located), with its breathtaking views over the Tarentaise valley!\u00a0 Pass through the narrow streets and let yourself be charmed by the calm, authentic atmosphere. <\/span><\/p>\n<div class=\"wp-block-image\">\n<figure class=\"aligncenter size-large is-resized\"><img decoding=\"async\" src=\"https:\/\/les-balcons.com\/wp-content\/uploads\/blog\/ete\/46022742845_9228a83779_k-1-1024x683.jpg\" alt=\"\" style=\"width:1024px;height:683px\"\/><\/figure>\n<\/div>\n<h3 class=\"wp-block-heading\"><span style=\"font-weight: 400;\">Col du Petit Saint-Bernard: a place steeped in history<\/span><\/h3>\n\n<p>L\u2019\u00e9t\u00e9, vous vous rendrez au col du petit Saint-Bernard depuis La Rosi\u00e8re en voiture, en v\u00e9lo ou bien avec la navette. Vous voici aux portes de l\u2019Italie dans un lieu pris\u00e9 des voyageurs qu\u2019il voit d\u00e9filer depuis l&#8217;Antiquit\u00e9. Les Romains am\u00e9nag\u00e8rent une voie au Haut Moyen \u00c2ge et Saint-Bernard \u00e9difia un hospice qui accueillait 15 000 voyageurs en 1923. Et bonne nouvelle, cet hospice toujours ouvert est devenu un point d&#8217;information touristique et un g\u00eete d&#8217;\u00e9tape.\u00a0<\/p>\n\n<h3 class=\"wp-block-heading\">A grandiose discovery trail<\/h3>\n\n<p><span style=\"font-weight: 400;\">This pass, steeped in history and legend, is also the starting point for many summer excursions through alpine pastures, rocky outcrops and glaciers.\u00a0 We advise you to take the discovery trail, which will show you the many treasures of the Petit Saint-Bernard pass, including the numerous Roman remains, the alpine garden, the hospice, the customs buildings and Lac Verney&#8230;<\/span><\/p>\n\n<p><\/p>\n\n<figure class=\"wp-block-image size-large is-resized\"><img decoding=\"async\" src=\"https:\/\/les-balcons.com\/wp-content\/uploads\/blog\/ete\/35607418181_1af0463881_c.jpg\" alt=\"\" style=\"width:1024px;height:683px\"\/><\/figure>\n\n<p><b>Difficulty: <\/b><span style=\"font-weight: 400;\">easy<\/span>&#13;\n&#13;\n<b>Time:<\/b><span style=\"font-weight: 400;\"> ~2.5 hours each way, with the possibility of a loop.\u00a0<\/span>&#13;\n&#13;\n<b>For more information on the route,<\/b><span style=\"font-weight: 400;\"> please ask at the reception desk<\/span><\/p>\n\n<h2 class=\"wp-block-heading\">Around La Plagne&#13;\nThe Route des Balcons, a must-do family outing. &#13;\n<\/h2>\n\n<p><span style=\"font-weight: 400;\">A hike bearing the name of our <\/span><a href=\"https:\/\/les-balcons.com\/en\/summer\/accommodation\/les-balcons-de-belle-plagne\/\"><span style=\"font-weight: 400;\">residence <\/span><\/a><span style=\"font-weight: 400;\">is an absolute must during your stay in Savoie. A hike we particularly appreciate for its accessibility to families and its truly incredible panoramas. It&#8217;s even accessible to 4&#215;4 baby carriages, so it&#8217;s sure to delight young and old alike.<\/span><\/p>\n\n<h2 class=\"wp-block-heading\">Departure close to Les Balcons residence: no need for a car! <\/h2>\n\n<p><span style=\"font-weight: 400;\">You can leave directly from the residence to reach the center of Belle Plagne. You&#8217;ll set off next to the playground and be led to Aime 2000 along a well-maintained path.<\/span><\/p>\n\n<figure class=\"wp-block-image size-large is-resized\"><img decoding=\"async\" src=\"https:\/\/les-balcons.com\/wp-content\/uploads\/blog\/ete\/la_plagne_rando_champagny-jnj_photo_3-1-1024x683.jpg\" alt=\"\" style=\"width:1024px;height:683px\"\/><\/figure>\n\n<h2 class=\"wp-block-heading\">Remarkable views&#13;\n<\/h2>\n\n<p>Enjoy remarkable views all along the way. Looking down towards the valley, you&#8217;ll marvel at Grande Parei, Pierra Menta, Aiguilles de la Nova, Mont Rosset and Mont-Blanc. Turning in the other direction, you can contemplate Mont Jovet, dos de la V\u00e9li\u00e8re, Roc du B\u00e9coin and Roc des Verdons. At Dou du Praz, a 180-degree panoramic view awaits you, with landscape interpretation tables and picnic areas. Dou du Praz is also where the famous Beaufort cheese is made (and the good news is that the dairy is open in summer for visits and sales).&#13;\n&#13;\n<\/p>\n\n<p>The flora is particularly magnificent and the fauna not at all wild: it&#8217;s not uncommon to come across curious and shy marmots.<\/p>\n\n<figure class=\"wp-block-image size-large is-resized\"><img decoding=\"async\" src=\"https:\/\/les-balcons.com\/wp-content\/uploads\/blog\/ete\/y-s-wmufeokwjeo-unsplash-1-1024x819.jpg\" alt=\"\" style=\"width:1024px;height:819px\"\/><\/figure>\n\n<p><b>Difficulty: <\/b><span style=\"font-weight: 400;\">easy &#8211; 100m vertical drop<\/span>&#13;\n&#13;\n<b>Time: <\/b><span style=\"font-weight: 400;\">~3.5 hours round trip with possibility of a loop\u00a0<\/span>&#13;\n&#13;\n<b>For more information on the route,<\/b><span style=\"font-weight: 400;\"> please ask at our reception desk. <\/span><\/p>\n\n<h3 class=\"wp-block-heading\">Where to relax after your hikes in Savoie ?<\/h3>\n\n<p><span style=\"font-weight: 400;\">What could be better after your beautiful walks in Savoie than to allow yourself a moment of relaxation in our Les Balcons wellness area?\u00a0 Swimming pool, hammam, sauna, massages&#8230; Our aim: to guarantee you a well-deserved moment of absolute relaxation after your efforts!<\/span><\/p>\n\n<figure class=\"wp-block-image size-large is-resized\"><img decoding=\"async\" src=\"https:\/\/les-balcons.com\/wp-content\/uploads\/blog\/ete\/04-1024x683.jpg\" alt=\"\" style=\"width:1024px;height:683px\"\/><\/figure>\n\n<p><\/p>\n","protected":false},"excerpt":{"rendered":"<p>Summer in the mountains can be a dream come true. With its wide open spaces and pure air, the desire to come and relax is strong after a hectic year. But the question may arise: what to do in the mountains in summer?<\/p>\n","protected":false},"author":2,"featured_media":20834,"comment_status":"closed","ping_status":"closed","sticky":false,"template":"","format":"standard","meta":{"_acf_changed":false,"_uag_custom_page_level_css":"","footnotes":""},"categories":[163,97],"tags":[],"class_list":["post-20847","post","type-post","status-publish","format-standard","has-post-thumbnail","hentry","category-ete-en","category-news"],"acf":[],"yoast_head":"<!-- This site is optimized with the Yoast SEO plugin v27.5 - https:\/\/yoast.com\/product\/yoast-seo-wordpress\/ -->\n<title>3 favorite walks around our Les Balcons residences<\/title>\n<meta name=\"description\" content=\"The best summer hikes in Savoie around Val Cenis, La Rsoi\u00e8re and La Plagne, with family and friends near the Balcons residences.\" \/>\n<meta name=\"robots\" content=\"index, follow, max-snippet:-1, max-image-preview:large, max-video-preview:-1\" \/>\n<link rel=\"canonical\" href=\"https:\/\/www.les-balcons.com\/en\/our-three-favorite-hikes-around-our-les-balcons-residences\/\" \/>\n<meta property=\"og:locale\" content=\"en_US\" \/>\n<meta property=\"og:type\" content=\"article\" \/>\n<meta property=\"og:title\" content=\"3 favorite walks around our Les Balcons residences\" \/>\n<meta property=\"og:description\" content=\"The best summer hikes in Savoie around Val Cenis, La Rsoi\u00e8re and La Plagne, with family and friends near the Balcons residences.\" \/>\n<meta property=\"og:url\" content=\"https:\/\/www.les-balcons.com\/en\/our-three-favorite-hikes-around-our-les-balcons-residences\/\" \/>\n<meta property=\"og:site_name\" content=\"Les Balcons \u2013 R\u00e9sidences et s\u00e9jours Alpes du Nord\" \/>\n<meta property=\"article:published_time\" content=\"2023-06-19T09:57:05+00:00\" \/>\n<meta property=\"article:modified_time\" content=\"2024-10-21T09:44:00+00:00\" \/>\n<meta property=\"og:image\" content=\"https:\/\/www.les-balcons.com\/wp-content\/uploads\/blog\/ete\/la_plagne_rando_champagny-jnj_photo_3-1-scaled.jpg\" \/>\n\t<meta property=\"og:image:width\" content=\"2560\" \/>\n\t<meta property=\"og:image:height\" content=\"1707\" \/>\n\t<meta property=\"og:image:type\" content=\"image\/jpeg\" \/>\n<meta name=\"author\" content=\"admin_balcons\" \/>\n<meta name=\"twitter:card\" content=\"summary_large_image\" \/>\n<meta name=\"twitter:label1\" content=\"Written by\" \/>\n\t<meta name=\"twitter:data1\" content=\"admin_balcons\" \/>\n\t<meta name=\"twitter:label2\" content=\"Est. reading time\" \/>\n\t<meta name=\"twitter:data2\" content=\"6 minutes\" \/>\n<script type=\"application\/ld+json\" class=\"yoast-schema-graph\">{\"@context\":\"https:\\\/\\\/schema.org\",\"@graph\":[{\"@type\":\"Article\",\"@id\":\"https:\\\/\\\/www.les-balcons.com\\\/en\\\/our-three-favorite-hikes-around-our-les-balcons-residences\\\/#article\",\"isPartOf\":{\"@id\":\"https:\\\/\\\/www.les-balcons.com\\\/en\\\/our-three-favorite-hikes-around-our-les-balcons-residences\\\/\"},\"author\":{\"name\":\"admin_balcons\",\"@id\":\"https:\\\/\\\/www.les-balcons.com\\\/en\\\/#\\\/schema\\\/person\\\/ff9384447ffee71a9cde569680990edc\"},\"headline\":\"Our three favorite hikes around our Les Balcons residences\",\"datePublished\":\"2023-06-19T09:57:05+00:00\",\"dateModified\":\"2024-10-21T09:44:00+00:00\",\"mainEntityOfPage\":{\"@id\":\"https:\\\/\\\/www.les-balcons.com\\\/en\\\/our-three-favorite-hikes-around-our-les-balcons-residences\\\/\"},\"wordCount\":882,\"publisher\":{\"@id\":\"https:\\\/\\\/www.les-balcons.com\\\/en\\\/#organization\"},\"image\":{\"@id\":\"https:\\\/\\\/www.les-balcons.com\\\/en\\\/our-three-favorite-hikes-around-our-les-balcons-residences\\\/#primaryimage\"},\"thumbnailUrl\":\"https:\\\/\\\/www.les-balcons.com\\\/wp-content\\\/uploads\\\/blog\\\/ete\\\/la_plagne_rando_champagny-jnj_photo_3-1-scaled.jpg\",\"articleSection\":[\"\u00c9t\u00e9\",\"News\"],\"inLanguage\":\"en-US\"},{\"@type\":\"WebPage\",\"@id\":\"https:\\\/\\\/www.les-balcons.com\\\/en\\\/our-three-favorite-hikes-around-our-les-balcons-residences\\\/\",\"url\":\"https:\\\/\\\/www.les-balcons.com\\\/en\\\/our-three-favorite-hikes-around-our-les-balcons-residences\\\/\",\"name\":\"3 favorite walks around our Les Balcons residences\",\"isPartOf\":{\"@id\":\"https:\\\/\\\/www.les-balcons.com\\\/en\\\/#website\"},\"primaryImageOfPage\":{\"@id\":\"https:\\\/\\\/www.les-balcons.com\\\/en\\\/our-three-favorite-hikes-around-our-les-balcons-residences\\\/#primaryimage\"},\"image\":{\"@id\":\"https:\\\/\\\/www.les-balcons.com\\\/en\\\/our-three-favorite-hikes-around-our-les-balcons-residences\\\/#primaryimage\"},\"thumbnailUrl\":\"https:\\\/\\\/www.les-balcons.com\\\/wp-content\\\/uploads\\\/blog\\\/ete\\\/la_plagne_rando_champagny-jnj_photo_3-1-scaled.jpg\",\"datePublished\":\"2023-06-19T09:57:05+00:00\",\"dateModified\":\"2024-10-21T09:44:00+00:00\",\"description\":\"The best summer hikes in Savoie around Val Cenis, La Rsoi\u00e8re and La Plagne, with family and friends near the Balcons residences.\",\"breadcrumb\":{\"@id\":\"https:\\\/\\\/www.les-balcons.com\\\/en\\\/our-three-favorite-hikes-around-our-les-balcons-residences\\\/#breadcrumb\"},\"inLanguage\":\"en-US\",\"potentialAction\":[{\"@type\":\"ReadAction\",\"target\":[\"https:\\\/\\\/www.les-balcons.com\\\/en\\\/our-three-favorite-hikes-around-our-les-balcons-residences\\\/\"]}]},{\"@type\":\"ImageObject\",\"inLanguage\":\"en-US\",\"@id\":\"https:\\\/\\\/www.les-balcons.com\\\/en\\\/our-three-favorite-hikes-around-our-les-balcons-residences\\\/#primaryimage\",\"url\":\"https:\\\/\\\/www.les-balcons.com\\\/wp-content\\\/uploads\\\/blog\\\/ete\\\/la_plagne_rando_champagny-jnj_photo_3-1-scaled.jpg\",\"contentUrl\":\"https:\\\/\\\/www.les-balcons.com\\\/wp-content\\\/uploads\\\/blog\\\/ete\\\/la_plagne_rando_champagny-jnj_photo_3-1-scaled.jpg\",\"width\":2560,\"height\":1707},{\"@type\":\"BreadcrumbList\",\"@id\":\"https:\\\/\\\/www.les-balcons.com\\\/en\\\/our-three-favorite-hikes-around-our-les-balcons-residences\\\/#breadcrumb\",\"itemListElement\":[{\"@type\":\"ListItem\",\"position\":1,\"name\":\"Homepage\",\"item\":\"https:\\\/\\\/www.les-balcons.com\\\/en\\\/fr\\\/\"},{\"@type\":\"ListItem\",\"position\":2,\"name\":\"News\",\"item\":\"https:\\\/\\\/www.les-balcons.com\\\/en\\\/news\\\/\"},{\"@type\":\"ListItem\",\"position\":3,\"name\":\"Our three favorite hikes around our Les Balcons residences\"}]},{\"@type\":\"WebSite\",\"@id\":\"https:\\\/\\\/www.les-balcons.com\\\/en\\\/#website\",\"url\":\"https:\\\/\\\/www.les-balcons.com\\\/en\\\/\",\"name\":\"Les Balcons \u2013 R\u00e9sidences et s\u00e9jours Alpes du Nord\",\"description\":\"10 \u00e9tablissements, H\u00f4tel et R\u00e9sidences pour vos vacances \u00e0 la montagne\",\"publisher\":{\"@id\":\"https:\\\/\\\/www.les-balcons.com\\\/en\\\/#organization\"},\"potentialAction\":[{\"@type\":\"SearchAction\",\"target\":{\"@type\":\"EntryPoint\",\"urlTemplate\":\"https:\\\/\\\/www.les-balcons.com\\\/en\\\/?s={search_term_string}\"},\"query-input\":{\"@type\":\"PropertyValueSpecification\",\"valueRequired\":true,\"valueName\":\"search_term_string\"}}],\"inLanguage\":\"en-US\"},{\"@type\":\"Organization\",\"@id\":\"https:\\\/\\\/www.les-balcons.com\\\/en\\\/#organization\",\"name\":\"Les Balcons\",\"url\":\"https:\\\/\\\/www.les-balcons.com\\\/en\\\/\",\"logo\":{\"@type\":\"ImageObject\",\"inLanguage\":\"en-US\",\"@id\":\"https:\\\/\\\/www.les-balcons.com\\\/en\\\/#\\\/schema\\\/logo\\\/image\\\/\",\"url\":\"https:\\\/\\\/les-balcons.com\\\/wp-content\\\/uploads\\\/communs\\\/logos-et-gammes\\\/logo-les-balcons-base.png\",\"contentUrl\":\"https:\\\/\\\/les-balcons.com\\\/wp-content\\\/uploads\\\/communs\\\/logos-et-gammes\\\/logo-les-balcons-base.png\",\"width\":3508,\"height\":2481,\"caption\":\"Les Balcons\"},\"image\":{\"@id\":\"https:\\\/\\\/www.les-balcons.com\\\/en\\\/#\\\/schema\\\/logo\\\/image\\\/\"}},{\"@type\":\"Person\",\"@id\":\"https:\\\/\\\/www.les-balcons.com\\\/en\\\/#\\\/schema\\\/person\\\/ff9384447ffee71a9cde569680990edc\",\"name\":\"admin_balcons\",\"image\":{\"@type\":\"ImageObject\",\"inLanguage\":\"en-US\",\"@id\":\"https:\\\/\\\/secure.gravatar.com\\\/avatar\\\/bd0c88b3268783c2a6b69ab39f9f712efe950983e809bf1a76bb98f6cf66ccca?s=96&d=mm&r=g\",\"url\":\"https:\\\/\\\/secure.gravatar.com\\\/avatar\\\/bd0c88b3268783c2a6b69ab39f9f712efe950983e809bf1a76bb98f6cf66ccca?s=96&d=mm&r=g\",\"contentUrl\":\"https:\\\/\\\/secure.gravatar.com\\\/avatar\\\/bd0c88b3268783c2a6b69ab39f9f712efe950983e809bf1a76bb98f6cf66ccca?s=96&d=mm&r=g\",\"caption\":\"admin_balcons\"}}]}<\/script>\n<!-- \/ Yoast SEO plugin. -->","yoast_head_json":{"title":"3 favorite walks around our Les Balcons residences","description":"The best summer hikes in Savoie around Val Cenis, La Rsoi\u00e8re and La Plagne, with family and friends near the Balcons residences.","robots":{"index":"index","follow":"follow","max-snippet":"max-snippet:-1","max-image-preview":"max-image-preview:large","max-video-preview":"max-video-preview:-1"},"canonical":"https:\/\/www.les-balcons.com\/en\/our-three-favorite-hikes-around-our-les-balcons-residences\/","og_locale":"en_US","og_type":"article","og_title":"3 favorite walks around our Les Balcons residences","og_description":"The best summer hikes in Savoie around Val Cenis, La Rsoi\u00e8re and La Plagne, with family and friends near the Balcons residences.","og_url":"https:\/\/www.les-balcons.com\/en\/our-three-favorite-hikes-around-our-les-balcons-residences\/","og_site_name":"Les Balcons \u2013 R\u00e9sidences et s\u00e9jours Alpes du Nord","article_published_time":"2023-06-19T09:57:05+00:00","article_modified_time":"2024-10-21T09:44:00+00:00","og_image":[{"width":2560,"height":1707,"url":"https:\/\/www.les-balcons.com\/wp-content\/uploads\/blog\/ete\/la_plagne_rando_champagny-jnj_photo_3-1-scaled.jpg","type":"image\/jpeg"}],"author":"admin_balcons","twitter_card":"summary_large_image","twitter_misc":{"Written by":"admin_balcons","Est. reading time":"6 minutes"},"schema":{"@context":"https:\/\/schema.org","@graph":[{"@type":"Article","@id":"https:\/\/www.les-balcons.com\/en\/our-three-favorite-hikes-around-our-les-balcons-residences\/#article","isPartOf":{"@id":"https:\/\/www.les-balcons.com\/en\/our-three-favorite-hikes-around-our-les-balcons-residences\/"},"author":{"name":"admin_balcons","@id":"https:\/\/www.les-balcons.com\/en\/#\/schema\/person\/ff9384447ffee71a9cde569680990edc"},"headline":"Our three favorite hikes around our Les Balcons residences","datePublished":"2023-06-19T09:57:05+00:00","dateModified":"2024-10-21T09:44:00+00:00","mainEntityOfPage":{"@id":"https:\/\/www.les-balcons.com\/en\/our-three-favorite-hikes-around-our-les-balcons-residences\/"},"wordCount":882,"publisher":{"@id":"https:\/\/www.les-balcons.com\/en\/#organization"},"image":{"@id":"https:\/\/www.les-balcons.com\/en\/our-three-favorite-hikes-around-our-les-balcons-residences\/#primaryimage"},"thumbnailUrl":"https:\/\/www.les-balcons.com\/wp-content\/uploads\/blog\/ete\/la_plagne_rando_champagny-jnj_photo_3-1-scaled.jpg","articleSection":["\u00c9t\u00e9","News"],"inLanguage":"en-US"},{"@type":"WebPage","@id":"https:\/\/www.les-balcons.com\/en\/our-three-favorite-hikes-around-our-les-balcons-residences\/","url":"https:\/\/www.les-balcons.com\/en\/our-three-favorite-hikes-around-our-les-balcons-residences\/","name":"3 favorite walks around our Les Balcons residences","isPartOf":{"@id":"https:\/\/www.les-balcons.com\/en\/#website"},"primaryImageOfPage":{"@id":"https:\/\/www.les-balcons.com\/en\/our-three-favorite-hikes-around-our-les-balcons-residences\/#primaryimage"},"image":{"@id":"https:\/\/www.les-balcons.com\/en\/our-three-favorite-hikes-around-our-les-balcons-residences\/#primaryimage"},"thumbnailUrl":"https:\/\/www.les-balcons.com\/wp-content\/uploads\/blog\/ete\/la_plagne_rando_champagny-jnj_photo_3-1-scaled.jpg","datePublished":"2023-06-19T09:57:05+00:00","dateModified":"2024-10-21T09:44:00+00:00","description":"The best summer hikes in Savoie around Val Cenis, La Rsoi\u00e8re and La Plagne, with family and friends near the Balcons residences.","breadcrumb":{"@id":"https:\/\/www.les-balcons.com\/en\/our-three-favorite-hikes-around-our-les-balcons-residences\/#breadcrumb"},"inLanguage":"en-US","potentialAction":[{"@type":"ReadAction","target":["https:\/\/www.les-balcons.com\/en\/our-three-favorite-hikes-around-our-les-balcons-residences\/"]}]},{"@type":"ImageObject","inLanguage":"en-US","@id":"https:\/\/www.les-balcons.com\/en\/our-three-favorite-hikes-around-our-les-balcons-residences\/#primaryimage","url":"https:\/\/www.les-balcons.com\/wp-content\/uploads\/blog\/ete\/la_plagne_rando_champagny-jnj_photo_3-1-scaled.jpg","contentUrl":"https:\/\/www.les-balcons.com\/wp-content\/uploads\/blog\/ete\/la_plagne_rando_champagny-jnj_photo_3-1-scaled.jpg","width":2560,"height":1707},{"@type":"BreadcrumbList","@id":"https:\/\/www.les-balcons.com\/en\/our-three-favorite-hikes-around-our-les-balcons-residences\/#breadcrumb","itemListElement":[{"@type":"ListItem","position":1,"name":"Homepage","item":"https:\/\/www.les-balcons.com\/en\/fr\/"},{"@type":"ListItem","position":2,"name":"News","item":"https:\/\/www.les-balcons.com\/en\/news\/"},{"@type":"ListItem","position":3,"name":"Our three favorite hikes around our Les Balcons residences"}]},{"@type":"WebSite","@id":"https:\/\/www.les-balcons.com\/en\/#website","url":"https:\/\/www.les-balcons.com\/en\/","name":"Les Balcons \u2013 R\u00e9sidences et s\u00e9jours Alpes du Nord","description":"10 \u00e9tablissements, H\u00f4tel et R\u00e9sidences pour vos vacances \u00e0 la montagne","publisher":{"@id":"https:\/\/www.les-balcons.com\/en\/#organization"},"potentialAction":[{"@type":"SearchAction","target":{"@type":"EntryPoint","urlTemplate":"https:\/\/www.les-balcons.com\/en\/?s={search_term_string}"},"query-input":{"@type":"PropertyValueSpecification","valueRequired":true,"valueName":"search_term_string"}}],"inLanguage":"en-US"},{"@type":"Organization","@id":"https:\/\/www.les-balcons.com\/en\/#organization","name":"Les Balcons","url":"https:\/\/www.les-balcons.com\/en\/","logo":{"@type":"ImageObject","inLanguage":"en-US","@id":"https:\/\/www.les-balcons.com\/en\/#\/schema\/logo\/image\/","url":"https:\/\/les-balcons.com\/wp-content\/uploads\/communs\/logos-et-gammes\/logo-les-balcons-base.png","contentUrl":"https:\/\/les-balcons.com\/wp-content\/uploads\/communs\/logos-et-gammes\/logo-les-balcons-base.png","width":3508,"height":2481,"caption":"Les Balcons"},"image":{"@id":"https:\/\/www.les-balcons.com\/en\/#\/schema\/logo\/image\/"}},{"@type":"Person","@id":"https:\/\/www.les-balcons.com\/en\/#\/schema\/person\/ff9384447ffee71a9cde569680990edc","name":"admin_balcons","image":{"@type":"ImageObject","inLanguage":"en-US","@id":"https:\/\/secure.gravatar.com\/avatar\/bd0c88b3268783c2a6b69ab39f9f712efe950983e809bf1a76bb98f6cf66ccca?s=96&d=mm&r=g","url":"https:\/\/secure.gravatar.com\/avatar\/bd0c88b3268783c2a6b69ab39f9f712efe950983e809bf1a76bb98f6cf66ccca?s=96&d=mm&r=g","contentUrl":"https:\/\/secure.gravatar.com\/avatar\/bd0c88b3268783c2a6b69ab39f9f712efe950983e809bf1a76bb98f6cf66ccca?s=96&d=mm&r=g","caption":"admin_balcons"}}]}},"uagb_featured_image_src":{"full":["https:\/\/www.les-balcons.com\/wp-content\/uploads\/blog\/ete\/la_plagne_rando_champagny-jnj_photo_3-1-scaled.jpg",2560,1707,false],"thumbnail":["https:\/\/www.les-balcons.com\/wp-content\/uploads\/blog\/ete\/la_plagne_rando_champagny-jnj_photo_3-1-150x150.jpg",150,150,true],"medium":["https:\/\/www.les-balcons.com\/wp-content\/uploads\/blog\/ete\/la_plagne_rando_champagny-jnj_photo_3-1-300x200.jpg",300,200,true],"medium_large":["https:\/\/www.les-balcons.com\/wp-content\/uploads\/blog\/ete\/la_plagne_rando_champagny-jnj_photo_3-1-768x512.jpg",768,512,true],"large":["https:\/\/www.les-balcons.com\/wp-content\/uploads\/blog\/ete\/la_plagne_rando_champagny-jnj_photo_3-1-1024x683.jpg",1024,683,true],"1536x1536":["https:\/\/www.les-balcons.com\/wp-content\/uploads\/blog\/ete\/la_plagne_rando_champagny-jnj_photo_3-1-1536x1024.jpg",1536,1024,true],"2048x2048":["https:\/\/www.les-balcons.com\/wp-content\/uploads\/blog\/ete\/la_plagne_rando_champagny-jnj_photo_3-1-2048x1365.jpg",2048,1365,true],"size-365x220":["https:\/\/www.les-balcons.com\/wp-content\/uploads\/blog\/ete\/la_plagne_rando_champagny-jnj_photo_3-1-365x220.jpg",365,220,true]},"uagb_author_info":{"display_name":"admin_balcons","author_link":"https:\/\/www.les-balcons.com\/en\/author\/admin_balcons\/"},"uagb_comment_info":0,"uagb_excerpt":"Summer in the mountains can be a dream come true. With its wide open spaces and pure air, the desire to come and relax is strong after a hectic year. But the question may arise: what to do in the mountains in summer?","post_mailing_queue_ids":[],"_links":{"self":[{"href":"https:\/\/www.les-balcons.com\/en\/wp-json\/wp\/v2\/posts\/20847","targetHints":{"allow":["GET"]}}],"collection":[{"href":"https:\/\/www.les-balcons.com\/en\/wp-json\/wp\/v2\/posts"}],"about":[{"href":"https:\/\/www.les-balcons.com\/en\/wp-json\/wp\/v2\/types\/post"}],"author":[{"embeddable":true,"href":"https:\/\/www.les-balcons.com\/en\/wp-json\/wp\/v2\/users\/2"}],"replies":[{"embeddable":true,"href":"https:\/\/www.les-balcons.com\/en\/wp-json\/wp\/v2\/comments?post=20847"}],"version-history":[{"count":0,"href":"https:\/\/www.les-balcons.com\/en\/wp-json\/wp\/v2\/posts\/20847\/revisions"}],"wp:featuredmedia":[{"embeddable":true,"href":"https:\/\/www.les-balcons.com\/en\/wp-json\/wp\/v2\/media\/20834"}],"wp:attachment":[{"href":"https:\/\/www.les-balcons.com\/en\/wp-json\/wp\/v2\/media?parent=20847"}],"wp:term":[{"taxonomy":"category","embeddable":true,"href":"https:\/\/www.les-balcons.com\/en\/wp-json\/wp\/v2\/categories?post=20847"},{"taxonomy":"post_tag","embeddable":true,"href":"https:\/\/www.les-balcons.com\/en\/wp-json\/wp\/v2\/tags?post=20847"}],"curies":[{"name":"wp","href":"https:\/\/api.w.org\/{rel}","templated":true}]}}